{"id":2301,"date":"2021-10-20T18:33:00","date_gmt":"2021-10-20T16:33:00","guid":{"rendered":"https:\/\/hungarologija.ffzg.unizg.hr\/?p=2301"},"modified":"2021-10-20T18:48:44","modified_gmt":"2021-10-20T16:48:44","slug":"poziv-na-predavanja-madarskog-slavista-dr-sc-eloda-dudasa","status":"publish","type":"post","link":"https:\/\/hungarologija.ffzg.unizg.hr\/?p=2301","title":{"rendered":"Poziv na predavanja ma\u0111arskog slavista dr. sc. El\u0151da Dud\u00e1sa"},"content":{"rendered":"<p>Srda\u010dno pozivamo studente svih godina na predavanja ma\u0111arskog slavista <strong>dr. sc. El\u0151da Dud\u00e1sa<\/strong> s Odsjeka za slavensku filologiju Filozofskog fakulteta Sveu\u010dili\u0161ta Lor\u00e1nd E\u00f6tv\u00f6s u Budimpe\u0161ti koja \u0107e odr\u017eati u sklopu svog Erasmus+ boravka na na\u0161em fakultetu.<\/p>\n<p>Predavanja \u0107e se odr\u017eati <strong>25. listopada 2021.<\/strong> prema sljede\u0107em rasporedu: &nbsp;<\/p>\n<p><strong>15.30 Osam stolje\u0107a ma\u0111arsko-hrvatskih jezi\u010dnih veza<\/strong> (dvorana A 128)<\/p>\n<p><strong>17.00 Slavenski utjecaj na ma\u0111arski jezik \u2013 posu\u0111enice, prevedenice, toponimi<\/strong> (dvorana A 128)<\/p>\n<p>Jezik predavanja: hrvatski.<\/p>\n<p>El\u0151d Dud\u00e1s ro\u0111en je 1987. u Budimpe\u0161ti. Osnovnu je \u0161kolu zavr\u0161io u T\u00e1pi\u00f3szecs\u0151u gdje je \u017eivio od ro\u0111enja do 2014. Gimnaziju je poha\u0111ao u Budimpe\u0161ti, a zatim je studirao slavistiku (smjer: slovenski jezik i knji\u017eevnost, hrvatski jezik i knji\u017eevnost) na Filozofskom fakultetu Sveu\u010dili\u0161ta Lor\u00e1nd E\u00f6tv\u00f6s u Budimpe\u0161ti (2006-2011). Bio je poslijediplomski student istog fakulteta (2011-2014). Godine 2014. i 2015. radio je kao stru\u010dni knji\u017eni\u010dar za hrvatski, slovenski i srpski jezik u Dr\u017eavnoj knji\u017enici za strane jezike (Orsz\u00e1gos Idegennyelv\u0171 K\u00f6nyvt\u00e1r) u Budimpe\u0161ti. 2015. uspje\u0161no je obranio disertaciju na temu <em>Hungarizmi u prekomursko slovenskom knji\u017eevnom jeziku <\/em>(<em>A muravid\u00e9ki szlov\u00e9n irodalmi nyelv magyar j\u00f6vev\u00e9nyszavai<\/em>) pod mentorstvom izv. prof. Marije Bajzek Luka\u010d. <!--more-->Od 1. rujna 2015. &nbsp;radi kao asistent, a od 1. rujna 2020. kao vi\u0161i asistent za hrvatski jezik na Odsjeku za slavensku filologiju Filozofskog fakulteta Sveu\u010dili\u0161ta Lor\u00e1nd E\u00f6tv\u00f6s u Budimpe\u0161ti. Na preddiplomskom studiju predaje opisnu gramatiku hrvatskog jezika, a na diplomskom studiju leksikologiju, frazeologiju, sociolingvistiku, stilistiku, povijest hrvatskog jezika i staroslavenski. Bio je jedan od urednika velikog ma\u0111arsko-slovenskog rje\u010dnika (<em>Magyar-szlov\u00e9n nagysz\u00f3t\u00e1r<\/em>, Budapest: Akad\u00e9miai Kiad\u00f3, 2019). U svojim se istra\u017eivanjima bavi povije\u0161\u0107u jezika, dijalektologijom, onomastikom i kontaktologijom. Sudjelovao je na me\u0111unarodnim skupovima u Hrvatskoj (Zagreb, \u010cakovec, Split), Sloveniji (Ljubljana, Maribor, Murska Sobota), Crnoj Gori (Cetinje) i Slova\u010dkoj (Trnava). Svoje radove objavljuje na ma\u0111arskom, hrvatskom, slovenskom i srpskom jeziku u zbornicima i me\u0111unarodnim slavisti\u010dkim \u010dasopisima.&nbsp;&nbsp;&nbsp;<\/p>\n","protected":false},"excerpt":{"rendered":"<p>Srda\u010dno pozivamo studente svih godina na predavanja ma\u0111arskog slavista dr. sc. El\u0151da Dud\u00e1sa s Odsjeka za slavensku filologiju Filozofskog fakulteta Sveu\u010dili\u0161ta Lor\u00e1nd E\u00f6tv\u00f6s u Budimpe\u0161ti koja \u0107e odr\u017eati u sklopu svog Erasmus+ boravka na na\u0161em fakultetu. Predavanja \u0107e se odr\u017eati &hellip; <a href=\"https:\/\/hungarologija.ffzg.unizg.hr\/?p=2301\">Nastavi \u010ditati <span class=\"meta-nav\">&rarr;<\/span><\/a><\/p>\n","protected":false},"author":2,"featured_media":0,"comment_status":"closed","ping_status":"closed","sticky":false,"template":"","format":"standard","meta":{"ngg_post_thumbnail":0,"footnotes":""},"categories":[1],"tags":[],"_links":{"self":[{"href":"https:\/\/hungarologija.ffzg.unizg.hr\/index.php?rest_route=\/wp\/v2\/posts\/2301"}],"collection":[{"href":"https:\/\/hungarologija.ffzg.unizg.hr\/index.php?rest_route=\/wp\/v2\/posts"}],"about":[{"href":"https:\/\/hungarologija.ffzg.unizg.hr\/index.php?rest_route=\/wp\/v2\/types\/post"}],"author":[{"embeddable":true,"href":"https:\/\/hungarologija.ffzg.unizg.hr\/index.php?rest_route=\/wp\/v2\/users\/2"}],"replies":[{"embeddable":true,"href":"https:\/\/hungarologija.ffzg.unizg.hr\/index.php?rest_route=%2Fwp%2Fv2%2Fcomments&post=2301"}],"version-history":[{"count":3,"href":"https:\/\/hungarologija.ffzg.unizg.hr\/index.php?rest_route=\/wp\/v2\/posts\/2301\/revisions"}],"predecessor-version":[{"id":2305,"href":"https:\/\/hungarologija.ffzg.unizg.hr\/index.php?rest_route=\/wp\/v2\/posts\/2301\/revisions\/2305"}],"wp:attachment":[{"href":"https:\/\/hungarologija.ffzg.unizg.hr\/index.php?rest_route=%2Fwp%2Fv2%2Fmedia&parent=2301"}],"wp:term":[{"taxonomy":"category","embeddable":true,"href":"https:\/\/hungarologija.ffzg.unizg.hr\/index.php?rest_route=%2Fwp%2Fv2%2Fcategories&post=2301"},{"taxonomy":"post_tag","embeddable":true,"href":"https:\/\/hungarologija.ffzg.unizg.hr\/index.php?rest_route=%2Fwp%2Fv2%2Ftags&post=2301"}],"curies":[{"name":"wp","href":"https:\/\/api.w.org\/{rel}","templated":true}]}}