{"id":2414,"date":"2022-05-16T15:06:13","date_gmt":"2022-05-16T13:06:13","guid":{"rendered":"https:\/\/hungarologija.ffzg.unizg.hr\/?p=2414"},"modified":"2022-05-18T14:47:34","modified_gmt":"2022-05-18T12:47:34","slug":"predavanje-lektorice-ane-sekso-milkovic-o-putovanju-lajosa-kassaka-u-pariz","status":"publish","type":"post","link":"https:\/\/hungarologija.ffzg.unizg.hr\/?p=2414","title":{"rendered":"Predavanje lektorice Ane Sekso Milkovi\u0107 o putovanju Lajosa Kass\u00e1ka u Pariz"},"content":{"rendered":"<p>A Horv\u00e1torsz\u00e1gi Magyar Tudom\u00e1nyos \u00e9s M\u0171v\u00e9szeti T\u00e1rsas\u00e1g ez\u00faton is szeretettel megh\u00edvja \u00d6n\u00f6ket a Magyar Trib\u00fcn k\u00f6vetkez\u0151 el\u0151ad\u00e1s\u00e1ra, amelynek az Ady Endre Magyar Kult\u00fark\u00f6r a t\u00e1rsszervez\u0151je \u00e9s Z\u00e1gr\u00e1b V\u00e1ros Magyar Kisebbs\u00e9gi Tan\u00e1csa a t\u00e1mogat\u00f3ja.<\/p>\n<p><em>Az el\u0151ad\u00e1s<\/em> <em>c\u00edme:<\/em><\/p>\n<p><em>\u00a0<\/em>Kass\u00e1k Lajos p\u00e1rizsi utaz\u00e1sa<\/p>\n<p><em>El\u0151ad\u00f3:<\/em><\/p>\n<p><em>\u00a0<\/em><strong>Ana Sekso Milkovi\u0107, <\/strong>lektor, Z\u00e1gr\u00e1bi Egyetem, B\u00f6lcs\u00e9szettudom\u00e1nyi Kar Hungarol\u00f3gia Tansz\u00e9k<\/p>\n<p><em>Id\u0151pont<\/em> <em>\u00e9s hely:<\/em><\/p>\n<p><em>\u00a0<\/em>m\u00e1jus 21. (szombat) 18 \u00f3ra, Ady Endre Magyar Kult\u00fark\u00f6r, Marti\u0107eva 8, 10000 Z\u00e1gr\u00e1b.<\/p>\n<h2>&#8212;&#8212;&#8212;&#8212;&#8212;&#8212;&#8212;&#8212;&#8212;&#8211;<\/h2>\n<p><strong>\u00a0<\/strong>Dru\u0161tvo ma\u0111arskih znanstvenika i umjetnika u Hrvatskoj poziva vas na predavanje u sklopu Ma\u0111arske tribine, kojoj je suorganizator Ma\u0111arsko kulturno dru\u0161tvo \u201eAdy Endre\u201c, a pokrovitelj Vije\u0107e ma\u0111arske nacionalne manjine Grada Zagreba.<\/p>\n<p><em>Naslov<\/em> <em>predavanja:<\/em><\/p>\n<p><strong><em>\u00a0<\/em>Putovanje Lajosa Kass\u00e1ka u Pariz<\/strong><\/p>\n<p><strong>\u00a0<\/strong>Predava\u010dica:<\/p>\n<p><strong>Ana Sekso Milkovi\u0107, <\/strong>lektor, Katedra za hungarologiju, Filozofski fakultet, Sveu\u010dili\u0161te u Zagrebu<\/p>\n<p><strong>Predavanje \u0107e se odr\u017eati u subotu, 21. svibnja 2022. u 18:00 sati u prostorijama MKK \u201eAdy Endre\u201d, Marti\u0107eva 8, 10000 Zagreb.<\/strong><\/p>\n<p>Sa\u017eetak izlaganja dostupan je ovdje:\u00a0<a href=\"https:\/\/hungarologija.ffzg.unizg.hr\/wp-content\/uploads\/2022\/05\/Ana-Sekso-Milkovi\u0107-Kass\u00e1k_sa\u017eetak_ma\u0111.docx\">Ana Sekso Milkovi\u0107 &#8211; Kass\u00e1k_sa\u017eetak_ma\u0111<\/a><\/p>\n<p>&nbsp;<\/p>\n","protected":false},"excerpt":{"rendered":"<p>A Horv\u00e1torsz\u00e1gi Magyar Tudom\u00e1nyos \u00e9s M\u0171v\u00e9szeti T\u00e1rsas\u00e1g ez\u00faton is szeretettel megh\u00edvja \u00d6n\u00f6ket a Magyar Trib\u00fcn k\u00f6vetkez\u0151 el\u0151ad\u00e1s\u00e1ra, amelynek az Ady Endre Magyar Kult\u00fark\u00f6r a t\u00e1rsszervez\u0151je \u00e9s Z\u00e1gr\u00e1b V\u00e1ros Magyar Kisebbs\u00e9gi Tan\u00e1csa a t\u00e1mogat\u00f3ja. Az el\u0151ad\u00e1s c\u00edme: \u00a0Kass\u00e1k Lajos p\u00e1rizsi utaz\u00e1sa &hellip; <a href=\"https:\/\/hungarologija.ffzg.unizg.hr\/?p=2414\">Nastavi \u010ditati <span class=\"meta-nav\">&rarr;<\/span><\/a><\/p>\n","protected":false},"author":101013,"featured_media":0,"comment_status":"closed","ping_status":"closed","sticky":false,"template":"","format":"standard","meta":{"ngg_post_thumbnail":0,"footnotes":""},"categories":[9],"tags":[],"_links":{"self":[{"href":"https:\/\/hungarologija.ffzg.unizg.hr\/index.php?rest_route=\/wp\/v2\/posts\/2414"}],"collection":[{"href":"https:\/\/hungarologija.ffzg.unizg.hr\/index.php?rest_route=\/wp\/v2\/posts"}],"about":[{"href":"https:\/\/hungarologija.ffzg.unizg.hr\/index.php?rest_route=\/wp\/v2\/types\/post"}],"author":[{"embeddable":true,"href":"https:\/\/hungarologija.ffzg.unizg.hr\/index.php?rest_route=\/wp\/v2\/users\/101013"}],"replies":[{"embeddable":true,"href":"https:\/\/hungarologija.ffzg.unizg.hr\/index.php?rest_route=%2Fwp%2Fv2%2Fcomments&post=2414"}],"version-history":[{"count":8,"href":"https:\/\/hungarologija.ffzg.unizg.hr\/index.php?rest_route=\/wp\/v2\/posts\/2414\/revisions"}],"predecessor-version":[{"id":2424,"href":"https:\/\/hungarologija.ffzg.unizg.hr\/index.php?rest_route=\/wp\/v2\/posts\/2414\/revisions\/2424"}],"wp:attachment":[{"href":"https:\/\/hungarologija.ffzg.unizg.hr\/index.php?rest_route=%2Fwp%2Fv2%2Fmedia&parent=2414"}],"wp:term":[{"taxonomy":"category","embeddable":true,"href":"https:\/\/hungarologija.ffzg.unizg.hr\/index.php?rest_route=%2Fwp%2Fv2%2Fcategories&post=2414"},{"taxonomy":"post_tag","embeddable":true,"href":"https:\/\/hungarologija.ffzg.unizg.hr\/index.php?rest_route=%2Fwp%2Fv2%2Ftags&post=2414"}],"curies":[{"name":"wp","href":"https:\/\/api.w.org\/{rel}","templated":true}]}}