{"id":2426,"date":"2022-05-25T00:49:56","date_gmt":"2022-05-24T22:49:56","guid":{"rendered":"https:\/\/hungarologija.ffzg.unizg.hr\/?p=2426"},"modified":"2022-05-25T00:49:56","modified_gmt":"2022-05-24T22:49:56","slug":"predavanja-profesora-paola-driussija-sveuciliste-u-udinama-26-svibnja","status":"publish","type":"post","link":"https:\/\/hungarologija.ffzg.unizg.hr\/?p=2426","title":{"rendered":"Predavanja profesora Paola Driussija (Sveu\u010dili\u0161te u Udinama) 26. svibnja"},"content":{"rendered":"<p>Pozivamo sve zainteresirane na dva predavanja<\/p>\n<p>lingvista-istra\u017eiva\u010da i profesora ma\u0111arskoga jezika<\/p>\n<p><em>dr. sc. Paola Driussija<\/em> (Sveu\u010dili\u0161te u Udinama)<\/p>\n<p>koja \u0107e se odr\u017eati u \u010detvrtak (26.svibnja) prema sljede\u0107em rasporedu:<\/p>\n<p><strong>&#8220;A topik \u00e9s a f\u00f3kusz funkci\u00f3ja a magyar nyelvben&#8221;<\/strong>\u00a0( u 11.00 sati, A 128)<\/p>\n<p><strong>&#8220;Nyelv \u00e9s ford\u00edt\u00e1s &#8211; l\u00edrai sz\u00f6vegek kontextus\u00e1ban&#8221;<\/strong> (u 16.15 sati, A 128)<\/p>\n<p>Predavanja \u0107e se odr\u017eati na ma\u0111arskom jeziku.<\/p>\n<p>Sudjelovanje osobito preporu\u010dujemo studentima 3., 4. i 5. godine!<\/p>\n","protected":false},"excerpt":{"rendered":"<p>Pozivamo sve zainteresirane na dva predavanja lingvista-istra\u017eiva\u010da i profesora ma\u0111arskoga jezika dr. sc. Paola Driussija (Sveu\u010dili\u0161te u Udinama) koja \u0107e se odr\u017eati u \u010detvrtak (26.svibnja) prema sljede\u0107em rasporedu: &#8220;A topik \u00e9s a f\u00f3kusz funkci\u00f3ja a magyar nyelvben&#8221;\u00a0( u 11.00 sati, &hellip; <a href=\"https:\/\/hungarologija.ffzg.unizg.hr\/?p=2426\">Nastavi \u010ditati <span class=\"meta-nav\">&rarr;<\/span><\/a><\/p>\n","protected":false},"author":101012,"featured_media":0,"comment_status":"closed","ping_status":"closed","sticky":false,"template":"","format":"standard","meta":{"ngg_post_thumbnail":0,"footnotes":""},"categories":[1],"tags":[],"_links":{"self":[{"href":"https:\/\/hungarologija.ffzg.unizg.hr\/index.php?rest_route=\/wp\/v2\/posts\/2426"}],"collection":[{"href":"https:\/\/hungarologija.ffzg.unizg.hr\/index.php?rest_route=\/wp\/v2\/posts"}],"about":[{"href":"https:\/\/hungarologija.ffzg.unizg.hr\/index.php?rest_route=\/wp\/v2\/types\/post"}],"author":[{"embeddable":true,"href":"https:\/\/hungarologija.ffzg.unizg.hr\/index.php?rest_route=\/wp\/v2\/users\/101012"}],"replies":[{"embeddable":true,"href":"https:\/\/hungarologija.ffzg.unizg.hr\/index.php?rest_route=%2Fwp%2Fv2%2Fcomments&post=2426"}],"version-history":[{"count":1,"href":"https:\/\/hungarologija.ffzg.unizg.hr\/index.php?rest_route=\/wp\/v2\/posts\/2426\/revisions"}],"predecessor-version":[{"id":2427,"href":"https:\/\/hungarologija.ffzg.unizg.hr\/index.php?rest_route=\/wp\/v2\/posts\/2426\/revisions\/2427"}],"wp:attachment":[{"href":"https:\/\/hungarologija.ffzg.unizg.hr\/index.php?rest_route=%2Fwp%2Fv2%2Fmedia&parent=2426"}],"wp:term":[{"taxonomy":"category","embeddable":true,"href":"https:\/\/hungarologija.ffzg.unizg.hr\/index.php?rest_route=%2Fwp%2Fv2%2Fcategories&post=2426"},{"taxonomy":"post_tag","embeddable":true,"href":"https:\/\/hungarologija.ffzg.unizg.hr\/index.php?rest_route=%2Fwp%2Fv2%2Ftags&post=2426"}],"curies":[{"name":"wp","href":"https:\/\/api.w.org\/{rel}","templated":true}]}}