{"id":2437,"date":"2022-06-19T15:43:14","date_gmt":"2022-06-19T13:43:14","guid":{"rendered":"https:\/\/hungarologija.ffzg.unizg.hr\/?p=2437"},"modified":"2022-06-19T15:43:14","modified_gmt":"2022-06-19T13:43:14","slug":"predstavljanje-knjizevne-antologije-ami-osszekot-ono-sto-povezuje","status":"publish","type":"post","link":"https:\/\/hungarologija.ffzg.unizg.hr\/?p=2437","title":{"rendered":"Predstavljanje knji\u017eevne antologije Ami \u00f6sszek\u00f6t\/Ono \u0161to povezuje"},"content":{"rendered":"<p>Srda\u010dno vas pozivamo na predstavljanje ma\u0111arsko-hrvatske knji\u017eevne antologije <strong>Ami \u00f6sszek\u00f6t\/Ono \u0161to povezuje<\/strong> koje \u0107e se odr\u017eati u Institutu Liszt u Zagrebu <strong>23. lipnja u 18.00<\/strong> sati. U razgovoru sudjeluju urednici antologije Zolt\u00e1n \u00c1goston i Zolt\u00e1n Medve, te knji\u017eevnici Bal\u00e1zs Moh\u00e1csi i Nenad Ruzvanovi\u0107. Moderira Kristina Katalini\u0107.<\/p>\n<p><a href=\"https:\/\/hungarologija.ffzg.unizg.hr\/?attachment_id=2438\" rel=\"attachment wp-att-2438\"><img loading=\"lazy\" decoding=\"async\" class=\"alignnone size-medium wp-image-2438\" src=\"https:\/\/hungarologija.ffzg.unizg.hr\/wp-content\/uploads\/2022\/06\/288126302_562672942082793_5092120758290551903_n-300x163.jpg\" alt=\"\" width=\"300\" height=\"163\" srcset=\"https:\/\/hungarologija.ffzg.unizg.hr\/wp-content\/uploads\/2022\/06\/288126302_562672942082793_5092120758290551903_n-300x163.jpg 300w, https:\/\/hungarologija.ffzg.unizg.hr\/wp-content\/uploads\/2022\/06\/288126302_562672942082793_5092120758290551903_n-768x418.jpg 768w, https:\/\/hungarologija.ffzg.unizg.hr\/wp-content\/uploads\/2022\/06\/288126302_562672942082793_5092120758290551903_n-1024x558.jpg 1024w, https:\/\/hungarologija.ffzg.unizg.hr\/wp-content\/uploads\/2022\/06\/288126302_562672942082793_5092120758290551903_n-500x272.jpg 500w, https:\/\/hungarologija.ffzg.unizg.hr\/wp-content\/uploads\/2022\/06\/288126302_562672942082793_5092120758290551903_n.jpg 1982w\" sizes=\"(max-width: 300px) 100vw, 300px\" \/><\/a><\/p>\n","protected":false},"excerpt":{"rendered":"<p>Srda\u010dno vas pozivamo na predstavljanje ma\u0111arsko-hrvatske knji\u017eevne antologije Ami \u00f6sszek\u00f6t\/Ono \u0161to povezuje koje \u0107e se odr\u017eati u Institutu Liszt u Zagrebu 23. lipnja u 18.00 sati. U razgovoru sudjeluju urednici antologije Zolt\u00e1n \u00c1goston i Zolt\u00e1n Medve, te knji\u017eevnici Bal\u00e1zs Moh\u00e1csi &hellip; <a href=\"https:\/\/hungarologija.ffzg.unizg.hr\/?p=2437\">Nastavi \u010ditati <span class=\"meta-nav\">&rarr;<\/span><\/a><\/p>\n","protected":false},"author":2,"featured_media":0,"comment_status":"closed","ping_status":"closed","sticky":false,"template":"","format":"standard","meta":{"ngg_post_thumbnail":0,"footnotes":""},"categories":[1],"tags":[],"_links":{"self":[{"href":"https:\/\/hungarologija.ffzg.unizg.hr\/index.php?rest_route=\/wp\/v2\/posts\/2437"}],"collection":[{"href":"https:\/\/hungarologija.ffzg.unizg.hr\/index.php?rest_route=\/wp\/v2\/posts"}],"about":[{"href":"https:\/\/hungarologija.ffzg.unizg.hr\/index.php?rest_route=\/wp\/v2\/types\/post"}],"author":[{"embeddable":true,"href":"https:\/\/hungarologija.ffzg.unizg.hr\/index.php?rest_route=\/wp\/v2\/users\/2"}],"replies":[{"embeddable":true,"href":"https:\/\/hungarologija.ffzg.unizg.hr\/index.php?rest_route=%2Fwp%2Fv2%2Fcomments&post=2437"}],"version-history":[{"count":1,"href":"https:\/\/hungarologija.ffzg.unizg.hr\/index.php?rest_route=\/wp\/v2\/posts\/2437\/revisions"}],"predecessor-version":[{"id":2439,"href":"https:\/\/hungarologija.ffzg.unizg.hr\/index.php?rest_route=\/wp\/v2\/posts\/2437\/revisions\/2439"}],"wp:attachment":[{"href":"https:\/\/hungarologija.ffzg.unizg.hr\/index.php?rest_route=%2Fwp%2Fv2%2Fmedia&parent=2437"}],"wp:term":[{"taxonomy":"category","embeddable":true,"href":"https:\/\/hungarologija.ffzg.unizg.hr\/index.php?rest_route=%2Fwp%2Fv2%2Fcategories&post=2437"},{"taxonomy":"post_tag","embeddable":true,"href":"https:\/\/hungarologija.ffzg.unizg.hr\/index.php?rest_route=%2Fwp%2Fv2%2Ftags&post=2437"}],"curies":[{"name":"wp","href":"https:\/\/api.w.org\/{rel}","templated":true}]}}