{"id":2447,"date":"2022-09-24T18:08:00","date_gmt":"2022-09-24T16:08:00","guid":{"rendered":"https:\/\/hungarologija.ffzg.unizg.hr\/?p=2447"},"modified":"2022-09-24T18:08:42","modified_gmt":"2022-09-24T16:08:42","slug":"prva-godina-diplomskog-studija-pojasnjenje-uz-raspored","status":"publish","type":"post","link":"https:\/\/hungarologija.ffzg.unizg.hr\/?p=2447","title":{"rendered":"Prva godina diplomskog studija &#8211; poja\u0161njenje uz raspored"},"content":{"rendered":"<p>Skre\u0107emo pozornost studentima diplomskog studija da se zbog organizacijskih razloga od protekle godine kolegiji &nbsp;<em>Kontrastivna morfosintaksa<\/em> <em>ma\u0111arskoga jezika<\/em>&nbsp;i <em>Povijest ma\u0111arskoga jezika&nbsp;<\/em>izvode naizmejni\u010dno svake druge godine; te pojedine kolegije studenti prve i druge godine diplomskog studija slu\u0161aju zajedno.<\/p>\n<p>U akademskoj godini 2022\/23. u izvedbi \u0107e biti Kontrastiva morfosintaksa, dok Povijest ma\u0111arskoga jezika bit \u0107e u izvedbi idu\u0107e godine.<\/p>\n<p>Ovu smo obavijest objavili zbog u\u010destalih upita vezano za jednu verziju fakultetskog rasporeda u kojoj se pojavljuje Povijest jezika, ali bez alociranog vremena i mjesta izvedbe.<\/p>\n","protected":false},"excerpt":{"rendered":"<p>Skre\u0107emo pozornost studentima diplomskog studija da se zbog organizacijskih razloga od protekle godine kolegiji &nbsp;Kontrastivna morfosintaksa ma\u0111arskoga jezika&nbsp;i Povijest ma\u0111arskoga jezika&nbsp;izvode naizmejni\u010dno svake druge godine; te pojedine kolegije studenti prve i druge godine diplomskog studija slu\u0161aju zajedno. U akademskoj godini &hellip; <a href=\"https:\/\/hungarologija.ffzg.unizg.hr\/?p=2447\">Nastavi \u010ditati <span class=\"meta-nav\">&rarr;<\/span><\/a><\/p>\n","protected":false},"author":101012,"featured_media":0,"comment_status":"closed","ping_status":"closed","sticky":false,"template":"","format":"standard","meta":{"ngg_post_thumbnail":0,"footnotes":""},"categories":[1],"tags":[],"_links":{"self":[{"href":"https:\/\/hungarologija.ffzg.unizg.hr\/index.php?rest_route=\/wp\/v2\/posts\/2447"}],"collection":[{"href":"https:\/\/hungarologija.ffzg.unizg.hr\/index.php?rest_route=\/wp\/v2\/posts"}],"about":[{"href":"https:\/\/hungarologija.ffzg.unizg.hr\/index.php?rest_route=\/wp\/v2\/types\/post"}],"author":[{"embeddable":true,"href":"https:\/\/hungarologija.ffzg.unizg.hr\/index.php?rest_route=\/wp\/v2\/users\/101012"}],"replies":[{"embeddable":true,"href":"https:\/\/hungarologija.ffzg.unizg.hr\/index.php?rest_route=%2Fwp%2Fv2%2Fcomments&post=2447"}],"version-history":[{"count":2,"href":"https:\/\/hungarologija.ffzg.unizg.hr\/index.php?rest_route=\/wp\/v2\/posts\/2447\/revisions"}],"predecessor-version":[{"id":2449,"href":"https:\/\/hungarologija.ffzg.unizg.hr\/index.php?rest_route=\/wp\/v2\/posts\/2447\/revisions\/2449"}],"wp:attachment":[{"href":"https:\/\/hungarologija.ffzg.unizg.hr\/index.php?rest_route=%2Fwp%2Fv2%2Fmedia&parent=2447"}],"wp:term":[{"taxonomy":"category","embeddable":true,"href":"https:\/\/hungarologija.ffzg.unizg.hr\/index.php?rest_route=%2Fwp%2Fv2%2Fcategories&post=2447"},{"taxonomy":"post_tag","embeddable":true,"href":"https:\/\/hungarologija.ffzg.unizg.hr\/index.php?rest_route=%2Fwp%2Fv2%2Ftags&post=2447"}],"curies":[{"name":"wp","href":"https:\/\/api.w.org\/{rel}","templated":true}]}}