{"id":2483,"date":"2022-10-21T18:04:32","date_gmt":"2022-10-21T16:04:32","guid":{"rendered":"https:\/\/hungarologija.ffzg.unizg.hr\/?p=2483"},"modified":"2022-10-21T18:04:32","modified_gmt":"2022-10-21T16:04:32","slug":"predstavljanje-knjige-povijest-hrvatskoga-sabora","status":"publish","type":"post","link":"https:\/\/hungarologija.ffzg.unizg.hr\/?p=2483","title":{"rendered":"Predstavljanje knjige: Povijest Hrvatskoga sabora"},"content":{"rendered":"<p>U Institutu Liszt u <strong>ponedjeljak, 24. listopada<\/strong> odr\u017eat \u0107e se predstavljanje knjige&nbsp;<strong><em>Povijest Hrvatskoga sabora<\/em><\/strong>.&nbsp;<\/p>\n<p style=\"font-weight: 400;\">Autori Dinko \u0160ok\u010devi\u0107 i Szabolcs Varga predstavit \u0107e knjigu na ma\u0111arskom i hrvatskom jeziku, a o&nbsp;seriji knjiga o parlamentima govorit \u0107e i Istv\u00e1n&nbsp;Pelyach, voditelj projekta i urednik.<\/p>\n<p><a href=\"https:\/\/hungarologija.ffzg.unizg.hr\/wp-content\/uploads\/2022\/10\/A-Horv\u00e1t-Sz\u00e1bor-T\u00f6rt\u00e9nete.jpg\"><img loading=\"lazy\" decoding=\"async\" class=\"alignnone size-medium wp-image-2484\" src=\"https:\/\/hungarologija.ffzg.unizg.hr\/wp-content\/uploads\/2022\/10\/A-Horv\u00e1t-Sz\u00e1bor-T\u00f6rt\u00e9nete-300x200.jpg\" alt=\"\" width=\"300\" height=\"200\" srcset=\"https:\/\/hungarologija.ffzg.unizg.hr\/wp-content\/uploads\/2022\/10\/A-Horv\u00e1t-Sz\u00e1bor-T\u00f6rt\u00e9nete-300x200.jpg 300w, https:\/\/hungarologija.ffzg.unizg.hr\/wp-content\/uploads\/2022\/10\/A-Horv\u00e1t-Sz\u00e1bor-T\u00f6rt\u00e9nete-768x512.jpg 768w, https:\/\/hungarologija.ffzg.unizg.hr\/wp-content\/uploads\/2022\/10\/A-Horv\u00e1t-Sz\u00e1bor-T\u00f6rt\u00e9nete-1024x683.jpg 1024w, https:\/\/hungarologija.ffzg.unizg.hr\/wp-content\/uploads\/2022\/10\/A-Horv\u00e1t-Sz\u00e1bor-T\u00f6rt\u00e9nete-450x300.jpg 450w, https:\/\/hungarologija.ffzg.unizg.hr\/wp-content\/uploads\/2022\/10\/A-Horv\u00e1t-Sz\u00e1bor-T\u00f6rt\u00e9nete.jpg 1365w\" sizes=\"(max-width: 300px) 100vw, 300px\" \/><\/a><\/p>\n","protected":false},"excerpt":{"rendered":"<p>U Institutu Liszt u ponedjeljak, 24. listopada odr\u017eat \u0107e se predstavljanje knjige&nbsp;Povijest Hrvatskoga sabora.&nbsp; Autori Dinko \u0160ok\u010devi\u0107 i Szabolcs Varga predstavit \u0107e knjigu na ma\u0111arskom i hrvatskom jeziku, a o&nbsp;seriji knjiga o parlamentima govorit \u0107e i Istv\u00e1n&nbsp;Pelyach, voditelj projekta i &hellip; <a href=\"https:\/\/hungarologija.ffzg.unizg.hr\/?p=2483\">Nastavi \u010ditati <span class=\"meta-nav\">&rarr;<\/span><\/a><\/p>\n","protected":false},"author":101013,"featured_media":0,"comment_status":"closed","ping_status":"closed","sticky":false,"template":"","format":"standard","meta":{"ngg_post_thumbnail":0,"footnotes":""},"categories":[9],"tags":[],"_links":{"self":[{"href":"https:\/\/hungarologija.ffzg.unizg.hr\/index.php?rest_route=\/wp\/v2\/posts\/2483"}],"collection":[{"href":"https:\/\/hungarologija.ffzg.unizg.hr\/index.php?rest_route=\/wp\/v2\/posts"}],"about":[{"href":"https:\/\/hungarologija.ffzg.unizg.hr\/index.php?rest_route=\/wp\/v2\/types\/post"}],"author":[{"embeddable":true,"href":"https:\/\/hungarologija.ffzg.unizg.hr\/index.php?rest_route=\/wp\/v2\/users\/101013"}],"replies":[{"embeddable":true,"href":"https:\/\/hungarologija.ffzg.unizg.hr\/index.php?rest_route=%2Fwp%2Fv2%2Fcomments&post=2483"}],"version-history":[{"count":1,"href":"https:\/\/hungarologija.ffzg.unizg.hr\/index.php?rest_route=\/wp\/v2\/posts\/2483\/revisions"}],"predecessor-version":[{"id":2485,"href":"https:\/\/hungarologija.ffzg.unizg.hr\/index.php?rest_route=\/wp\/v2\/posts\/2483\/revisions\/2485"}],"wp:attachment":[{"href":"https:\/\/hungarologija.ffzg.unizg.hr\/index.php?rest_route=%2Fwp%2Fv2%2Fmedia&parent=2483"}],"wp:term":[{"taxonomy":"category","embeddable":true,"href":"https:\/\/hungarologija.ffzg.unizg.hr\/index.php?rest_route=%2Fwp%2Fv2%2Fcategories&post=2483"},{"taxonomy":"post_tag","embeddable":true,"href":"https:\/\/hungarologija.ffzg.unizg.hr\/index.php?rest_route=%2Fwp%2Fv2%2Ftags&post=2483"}],"curies":[{"name":"wp","href":"https:\/\/api.w.org\/{rel}","templated":true}]}}