{"id":2487,"date":"2022-11-06T21:10:17","date_gmt":"2022-11-06T20:10:17","guid":{"rendered":"https:\/\/hungarologija.ffzg.unizg.hr\/?p=2487"},"modified":"2022-11-06T21:41:30","modified_gmt":"2022-11-06T20:41:30","slug":"2487","status":"publish","type":"post","link":"https:\/\/hungarologija.ffzg.unizg.hr\/?p=2487","title":{"rendered":"Znanstveno popodne povodom Dana ma\u0111arske znanosti"},"content":{"rendered":"<p>Dragi studenti,<\/p>\n<p>prenosimo obavijest Instituta Liszt:<\/p>\n<p>&nbsp;<\/p>\n<p style=\"font-weight: 400;\">Dru\u0161tvo ma\u0111arskih znanstvenika i umjetnika u Hrvatskoj, Institut Liszt \u2012 Ma\u0111arski kulturni centar u Zagrebu i Vije\u0107e Ma\u0111arske nacionalne manjine grada Zagreba&nbsp;povodom&nbsp;<strong>Dana ma\u0111arske znanosti<\/strong>&nbsp;srda\u010dno Vas poziva na&nbsp;<strong>Znanstveno popodne.<\/strong><\/p>\n<p>&nbsp;<\/p>\n<p style=\"font-weight: 400;\"><strong>Vrijeme:&nbsp;7. studenog 2022. u 17 sati<\/strong><\/p>\n<p style=\"font-weight: 400;\"><strong>Mjesto: Institut Liszt Zagreb \u2013 Ma<\/strong><strong>\u0111arski kulturni centar<\/strong><strong>, Augusta Cesarca 10, Europski trg<\/strong><\/p>\n<p style=\"font-weight: 400;\"><strong>&nbsp;<\/strong><\/p>\n<p style=\"font-weight: 400;\">Veselimo se Va\u0161em dolasku!<\/p>\n<p style=\"font-weight: 400;\">Program:<br \/>\nI. Otvorenje: Dr. K\u00e1roly Szk\u00e1la<\/p>\n<p style=\"font-weight: 400;\">II. Predstavljanje knjige: Franciska \u0106urkovi\u0107-Major: Hrvatski motivi u ma\u0111arskoj knji\u017eevnosti<br \/>\nIzlaga\u010di: dr. Csaba Gy. Kiss (ELTE, Budapest), dr. Kristina Katalini\u0107, (Filozofski fakultet Sveu\u010dili\u0161ta u Zagrebu) i autor.<br \/>\nModerira: Lea Kov\u00e1cs<\/p>\n<p style=\"font-weight: 400;\">III. M\u00e1rton Matuska: Nastale su masovne grobnice Nepotpuno izvje\u0161\u0107e o masakru koji se dogodio u Vrbasu 1944-1945 Izlaga\u010d: dr. L\u00e1szl\u00f3 Horv\u00e1th Nakon prikaza povijesti vjerskih zajednica u Vrbasu, u izlaganju govorit \u0107e se o ratnim zlo\u010dinima koje su po\u010dinili partizani u studenom 1944., kao i o zvjerstvima u logorima u Jarku, Kru\u0161evlju i Gakovu na temelju sje\u0107anja Ma\u0111ara i Nijemaca iz Vrbasa.<\/p>\n<p style=\"font-weight: 400;\">IV. Pote\u0161ko\u0107e u komunikaciji zbog kriti\u010dnih stanja<br \/>\nIzlaga\u010d i moderator: dr. K\u00e1roly Szk\u00e1la Izlaganje i rasprava o tehni\u010dkom i dru\u0161tvenom utjecaju prirodnih katastrofa, velikih razaranja i komunikacijskih barijera uzrokovanih ratnim doga\u0111anjima.<\/p>\n<p style=\"font-weight: 400;\">&nbsp;<\/p>\n","protected":false},"excerpt":{"rendered":"<p>Dragi studenti, prenosimo obavijest Instituta Liszt: &nbsp; Dru\u0161tvo ma\u0111arskih znanstvenika i umjetnika u Hrvatskoj, Institut Liszt \u2012 Ma\u0111arski kulturni centar u Zagrebu i Vije\u0107e Ma\u0111arske nacionalne manjine grada Zagreba&nbsp;povodom&nbsp;Dana ma\u0111arske znanosti&nbsp;srda\u010dno Vas poziva na&nbsp;Znanstveno popodne. &nbsp; Vrijeme:&nbsp;7. studenog 2022. u &hellip; <a href=\"https:\/\/hungarologija.ffzg.unizg.hr\/?p=2487\">Nastavi \u010ditati <span class=\"meta-nav\">&rarr;<\/span><\/a><\/p>\n","protected":false},"author":101013,"featured_media":0,"comment_status":"closed","ping_status":"closed","sticky":false,"template":"","format":"standard","meta":{"ngg_post_thumbnail":0,"footnotes":""},"categories":[9],"tags":[],"_links":{"self":[{"href":"https:\/\/hungarologija.ffzg.unizg.hr\/index.php?rest_route=\/wp\/v2\/posts\/2487"}],"collection":[{"href":"https:\/\/hungarologija.ffzg.unizg.hr\/index.php?rest_route=\/wp\/v2\/posts"}],"about":[{"href":"https:\/\/hungarologija.ffzg.unizg.hr\/index.php?rest_route=\/wp\/v2\/types\/post"}],"author":[{"embeddable":true,"href":"https:\/\/hungarologija.ffzg.unizg.hr\/index.php?rest_route=\/wp\/v2\/users\/101013"}],"replies":[{"embeddable":true,"href":"https:\/\/hungarologija.ffzg.unizg.hr\/index.php?rest_route=%2Fwp%2Fv2%2Fcomments&post=2487"}],"version-history":[{"count":4,"href":"https:\/\/hungarologija.ffzg.unizg.hr\/index.php?rest_route=\/wp\/v2\/posts\/2487\/revisions"}],"predecessor-version":[{"id":2492,"href":"https:\/\/hungarologija.ffzg.unizg.hr\/index.php?rest_route=\/wp\/v2\/posts\/2487\/revisions\/2492"}],"wp:attachment":[{"href":"https:\/\/hungarologija.ffzg.unizg.hr\/index.php?rest_route=%2Fwp%2Fv2%2Fmedia&parent=2487"}],"wp:term":[{"taxonomy":"category","embeddable":true,"href":"https:\/\/hungarologija.ffzg.unizg.hr\/index.php?rest_route=%2Fwp%2Fv2%2Fcategories&post=2487"},{"taxonomy":"post_tag","embeddable":true,"href":"https:\/\/hungarologija.ffzg.unizg.hr\/index.php?rest_route=%2Fwp%2Fv2%2Ftags&post=2487"}],"curies":[{"name":"wp","href":"https:\/\/api.w.org\/{rel}","templated":true}]}}