{"id":2538,"date":"2023-02-02T09:30:57","date_gmt":"2023-02-02T08:30:57","guid":{"rendered":"https:\/\/hungarologija.ffzg.unizg.hr\/?p=2538"},"modified":"2023-02-02T09:30:57","modified_gmt":"2023-02-02T08:30:57","slug":"predavanje-i-pub-kviz-povodom-200-obljetnice-rodenja-imrea-madacha","status":"publish","type":"post","link":"https:\/\/hungarologija.ffzg.unizg.hr\/?p=2538","title":{"rendered":"Predavanje i pub-kviz povodom 200. obljetnice ro\u0111enja Imrea Mad\u00e1cha"},"content":{"rendered":"<p>Dragi studenti,<\/p>\n<p>prenosimo obavijest Instituta Liszt:<\/p>\n<p>&nbsp;<\/p>\n<p>Dragi na\u0161i gosti,<\/p>\n<p style=\"font-weight: 400;\">Srda\u010dno Vas pozivamo\u00a0<strong>na\u00a0<\/strong><strong>prvi\u00a0<\/strong><strong>PUB KVIZ<\/strong><strong>\u00a0u 2023<\/strong>\u00a0u Institutu Liszt \u2013 Ma\u0111arskom kulturnom centru u Zagrebu povodom 200. obljetnice ro\u0111enja Imrea Mad\u00e1cha, istaknute li\u010dnosti ma\u0111arske knji\u017eevnosti !<\/p>\n<p style=\"font-weight: 400;\"><strong>Vrijeme: u srijedu, 8. velja\u010de 2023. , 18:00<\/strong><\/p>\n<p style=\"font-weight: 400;\"><strong>Mjesto: Institut Liszt \u2013 Ma\u0111arski kulturni centar Zagreb\u00a0<\/strong><\/p>\n<p style=\"font-weight: 400;\"><strong>\u00a0\u00a0\u00a0\u00a0\u00a0\u00a0\u00a0\u00a0\u00a0\u00a0\u00a0\u00a0\u00a0Augusta Cesarca 10, Europski trg, Ban centar<\/strong><\/p>\n<p style=\"font-weight: 400;\">\n<p style=\"font-weight: 400;\"><strong>Program:<\/strong><\/p>\n<p style=\"font-weight: 400;\"><strong>Predavanje: \u201eMad\u00e1ch druga\u010dije\u201c<\/strong>\u00a0\u2013 G\u00e1bor Zsille, knji\u017eevni prevoditelj, Agencija za knji\u017eevnost Pet\u0151fi<\/p>\n<p style=\"font-weight: 400;\">Predavanje o nepoznatim detaljima \u017eivota pisca na humoristi\u010dan i interaktivan na\u010din.<\/p>\n<p style=\"font-weight: 400;\"><strong>Kviz: Kre\u0161imir Su\u010devi\u0107-Me\u0111eral<\/strong>\u00a0ponovno priprema kviz koji ne\u0107e Vas ostaviti ravnodu\u0161nim! Tema na\u0161eg drugog PUB KVIZ-a je Imre Mad\u00e1ch, autor jednog od najpoznatijeg djela ma\u0111arske knji\u017eevnosti, &#8220;\u010covjekove tragedije&#8221;. \u00a0Program se odr\u017eava dvojezi\u010dno, ali mogu jednako u\u017eivati oni kojima je ma\u0111arska knji\u017eevnost jo\u0161 nepoznata! \u010cekamo prijave timova (4-5 osoba) na\u00a0<a href=\"mailto:miz@mfa.gov.hu\">miz@mfa.gov.hu<\/a>.<\/p>\n<p style=\"font-weight: 400;\">Ovo je prvi PUB KVIZ koji organiziramo 2023. Sveukupno planiramo 4 kviza. Ekipa koja sudjeluje u svim kvizovima \u0107e primiti posebnu nagradu!<\/p>\n<p style=\"font-weight: 400;\">Veselimo se Va\u0161em dolasku!<\/p>\n<p style=\"font-weight: 400;\">\n<p style=\"font-weight: 400;\">___________________<\/p>\n<p style=\"font-weight: 400;\">\n<p style=\"font-weight: 400;\">Kedves Vend\u00e9geink!<\/p>\n<p style=\"font-weight: 400;\">Szeretettel megh\u00edvjuk \u00d6n\u00f6ket Mad\u00e1ch Imre sz\u00fclet\u00e9s\u00e9nek 200. \u00e9vfordul\u00f3ja alkalm\u00e1b\u00f3l megrendezend\u0151 PUB KV\u00cdZRE!<\/p>\n<p style=\"font-weight: 400;\"><strong>Id\u0151pont: 2023. febru\u00e1r 8. (szerda)<\/strong><\/p>\n<p style=\"font-weight: 400;\"><strong>Helysz\u00edn: Liszt Int\u00e9zet \u2013 Magyar Kultur\u00e1lis K\u00f6zpont Z\u00e1gr\u00e1b\u00a0<\/strong><\/p>\n<p style=\"font-weight: 400;\"><strong>\u00a0\u00a0\u00a0\u00a0\u00a0Augusta Cesarca 10, Europski trg, Ban centar<\/strong><\/p>\n<p style=\"font-weight: 400;\"><strong>\u00a0<\/strong><strong>Program:<\/strong><\/p>\n<p style=\"font-weight: 400;\"><strong>El\u0151ad\u00e1s: Mad\u00e1ch m\u00e1sk\u00e9ppen &#8211;\u00a0\u00a0<\/strong>Zsille G\u00e1bor m\u0171ford\u00edt\u00f3, Pet\u0151fi Irodalmi \u00dcgyn\u00f6ks\u00e9g<\/p>\n<p style=\"font-weight: 400;\">K\u00f6zvetlen hangv\u00e9tel\u0171 el\u0151ad\u00e1s Mad\u00e1ch Imre eddig kev\u00e9sb\u00e9 ismert \u00e9letrajzi vonatkoz\u00e1sair\u00f3l kis humorral f\u0171szerezve.<strong>Kv\u00edz: Kre\u0161imir Su\u010devi\u0107-Me\u0111eral<\/strong>\u00a0\u00fajabb kv\u00edzre k\u00e9sz\u00fcl, mely nem hagyhat senkit sem hidegen! PUB KV\u00cdZ sorozatunk m\u00e1sodik \u00e1llom\u00e1s\u00e1nak k\u00f6zponti t\u00e9m\u00e1ja Mad\u00e1ch Imre, s a magyar irodalom gy\u00f6ngyszeme, Az ember trag\u00e9di\u00e1ja. Az esem\u00e9ny magyar \u00e9s horv\u00e1t nyelven zajlik, melyre v\u00e1rjuk a 4-5 f\u0151s csapatok jelentkez\u00e9s\u00e9t a\u00a0<a href=\"http:\/\/miz@mfa.gov.hu%20\/\" data-saferedirecturl=\"https:\/\/www.google.com\/url?q=http:\/\/miz@mfa.gov.hu%2520&amp;source=gmail&amp;ust=1675412585443000&amp;usg=AOvVaw1rRjq1gqP5934Q1VyWj_3a\">miz@mfa.gov.hu<\/a>\u00a0e-mail c\u00edmre.<\/p>\n<p style=\"font-weight: 400;\">Ez az els\u0151 PUB KV\u00cdZ, melyet 2023-ban rendez\u00fcnk. Terveink szerint \u00f6sszesen 4 db kv\u00edz lesz az \u00e9v sor\u00e1n. Az a csapat, amelyik minden kv\u00edzj\u00e1t\u00e9kon r\u00e9szt vesz, garant\u00e1ltan k\u00fcl\u00f6nd\u00edjat kap!<\/p>\n<p style=\"font-weight: 400;\"><strong>\u00a0<\/strong>Szeretettel v\u00e1rjuk \u00d6n\u00f6ket!<\/p>\n<p><a href=\"https:\/\/hungarologija.ffzg.unizg.hr\/wp-content\/uploads\/2023\/02\/MAD\u00c1CH-200_hr_page-0001.jpg\"><img loading=\"lazy\" decoding=\"async\" class=\"alignnone size-medium wp-image-2539\" src=\"https:\/\/hungarologija.ffzg.unizg.hr\/wp-content\/uploads\/2023\/02\/MAD\u00c1CH-200_hr_page-0001-212x300.jpg\" alt=\"\" width=\"212\" height=\"300\" srcset=\"https:\/\/hungarologija.ffzg.unizg.hr\/wp-content\/uploads\/2023\/02\/MAD\u00c1CH-200_hr_page-0001-212x300.jpg 212w, https:\/\/hungarologija.ffzg.unizg.hr\/wp-content\/uploads\/2023\/02\/MAD\u00c1CH-200_hr_page-0001-768x1086.jpg 768w, https:\/\/hungarologija.ffzg.unizg.hr\/wp-content\/uploads\/2023\/02\/MAD\u00c1CH-200_hr_page-0001-724x1024.jpg 724w, https:\/\/hungarologija.ffzg.unizg.hr\/wp-content\/uploads\/2023\/02\/MAD\u00c1CH-200_hr_page-0001.jpg 1241w\" sizes=\"(max-width: 212px) 100vw, 212px\" \/><\/a><\/p>\n","protected":false},"excerpt":{"rendered":"<p>Dragi studenti, prenosimo obavijest Instituta Liszt: &nbsp; Dragi na\u0161i gosti, Srda\u010dno Vas pozivamo\u00a0na\u00a0prvi\u00a0PUB KVIZ\u00a0u 2023\u00a0u Institutu Liszt \u2013 Ma\u0111arskom kulturnom centru u Zagrebu povodom 200. obljetnice ro\u0111enja Imrea Mad\u00e1cha, istaknute li\u010dnosti ma\u0111arske knji\u017eevnosti ! Vrijeme: u srijedu, 8. velja\u010de 2023. &hellip; <a href=\"https:\/\/hungarologija.ffzg.unizg.hr\/?p=2538\">Nastavi \u010ditati <span class=\"meta-nav\">&rarr;<\/span><\/a><\/p>\n","protected":false},"author":101013,"featured_media":0,"comment_status":"closed","ping_status":"closed","sticky":false,"template":"","format":"standard","meta":{"ngg_post_thumbnail":0,"footnotes":""},"categories":[9],"tags":[],"_links":{"self":[{"href":"https:\/\/hungarologija.ffzg.unizg.hr\/index.php?rest_route=\/wp\/v2\/posts\/2538"}],"collection":[{"href":"https:\/\/hungarologija.ffzg.unizg.hr\/index.php?rest_route=\/wp\/v2\/posts"}],"about":[{"href":"https:\/\/hungarologija.ffzg.unizg.hr\/index.php?rest_route=\/wp\/v2\/types\/post"}],"author":[{"embeddable":true,"href":"https:\/\/hungarologija.ffzg.unizg.hr\/index.php?rest_route=\/wp\/v2\/users\/101013"}],"replies":[{"embeddable":true,"href":"https:\/\/hungarologija.ffzg.unizg.hr\/index.php?rest_route=%2Fwp%2Fv2%2Fcomments&post=2538"}],"version-history":[{"count":1,"href":"https:\/\/hungarologija.ffzg.unizg.hr\/index.php?rest_route=\/wp\/v2\/posts\/2538\/revisions"}],"predecessor-version":[{"id":2540,"href":"https:\/\/hungarologija.ffzg.unizg.hr\/index.php?rest_route=\/wp\/v2\/posts\/2538\/revisions\/2540"}],"wp:attachment":[{"href":"https:\/\/hungarologija.ffzg.unizg.hr\/index.php?rest_route=%2Fwp%2Fv2%2Fmedia&parent=2538"}],"wp:term":[{"taxonomy":"category","embeddable":true,"href":"https:\/\/hungarologija.ffzg.unizg.hr\/index.php?rest_route=%2Fwp%2Fv2%2Fcategories&post=2538"},{"taxonomy":"post_tag","embeddable":true,"href":"https:\/\/hungarologija.ffzg.unizg.hr\/index.php?rest_route=%2Fwp%2Fv2%2Ftags&post=2538"}],"curies":[{"name":"wp","href":"https:\/\/api.w.org\/{rel}","templated":true}]}}