{"id":2545,"date":"2023-03-01T15:48:40","date_gmt":"2023-03-01T14:48:40","guid":{"rendered":"https:\/\/hungarologija.ffzg.unizg.hr\/?p=2545"},"modified":"2023-03-01T15:49:13","modified_gmt":"2023-03-01T14:49:13","slug":"2545","status":"publish","type":"post","link":"https:\/\/hungarologija.ffzg.unizg.hr\/?p=2545","title":{"rendered":"Vikend program u Institutu Liszt (3.-5. o\u017eujka 2023.)"},"content":{"rendered":"<p>Dragi studenti,<\/p>\n<p>prenosimo obavijest i program Instituta Liszt:<\/p>\n<p>&nbsp;<\/p>\n<p style=\"font-weight: 400;\">Dragi na\u0161i gosti,<\/p>\n<p style=\"font-weight: 400;\">Srda\u010dno Vas pozivamo&nbsp;<strong>na dva kulturna programa ovog tjedna u Zagrebu<em>.<\/em><\/strong><\/p>\n<p style=\"font-weight: 400;\"><strong>&nbsp;<\/strong>Pozivamo Vas u petak na&nbsp;<strong>zajedni\u010dki koncert<\/strong>&nbsp;Muzi\u010dke akademije Sveu\u010dili\u0161ta u Zagrebu i Glazbene akademije \u201eFerenc Liszt\u201c u Budimpe\u0161ti pod naslovom<strong>&nbsp;<em>Dori u \u010dast<\/em>&nbsp;<\/strong>povodom stote obljetnice smrti skladateljice Dore Peja\u010devi\u0107.<\/p>\n<p style=\"font-weight: 400;\"><strong>&nbsp;<\/strong><strong>Dori u \u010cast<\/strong><\/p>\n<p style=\"font-weight: 400;\"><strong>Vrijeme: u petak, 3. o\u017eujka 2023. , 18:00<\/strong><\/p>\n<p style=\"font-weight: 400;\"><strong>Mjesto: Muzi\u010dka akademija Zagreb, Koncertna dvorana Svetislav Stan\u010di\u0107,&nbsp;<\/strong>Trg Republike Hrvatske 12<\/p>\n<p style=\"font-weight: 400;\"><strong>&nbsp;<\/strong><\/p>\n<p style=\"font-weight: 400;\">U nedjelju pozivamo Vas na&nbsp;<strong>kazali\u0161nu predstavu suvremenog plesa<\/strong>&nbsp;pod naslovom&nbsp;<strong>Put svjetlosti<\/strong>&nbsp;na kojem nastupat \u0107e suvremeni plesni kolektiv Psycle of Movement Imagination iz Budimpe\u0161te<\/p>\n<p style=\"font-weight: 400;\">Program je dio festivala Pasionske ba\u0161tine.<\/p>\n<p style=\"font-weight: 400;\"><strong>&nbsp;<\/strong><strong>Put svjetlosti<\/strong><\/p>\n<p style=\"font-weight: 400;\"><strong>Vrijeme: u nedjelju, 5. o\u017eujka 2023., 19:00<\/strong><\/p>\n<p style=\"font-weight: 400;\"><strong>Mjesto: Centar za kulturu i informacije Maksimir, Ul. Lavoslava Schwarza 18.<\/strong><\/p>\n<p style=\"font-weight: 400;\">Vi\u0161e informacija:&nbsp;<a href=\"https:\/\/www.mojmaksimir.com\/content\/psycle-movement-imagination\" data-saferedirecturl=\"https:\/\/www.google.com\/url?q=https:\/\/www.mojmaksimir.com\/content\/psycle-movement-imagination&amp;source=gmail&amp;ust=1677768280751000&amp;usg=AOvVaw2VNCQ_DWJup2cuCEgIH8zc\">https:\/\/www.mojmaksimir.com\/content\/psycle-movement-imagination<\/a><\/p>\n<p style=\"font-weight: 400;\">Ulaz za oba programa je besplatan!<\/p>\n","protected":false},"excerpt":{"rendered":"<p>Dragi studenti, prenosimo obavijest i program Instituta Liszt: &nbsp; Dragi na\u0161i gosti, Srda\u010dno Vas pozivamo&nbsp;na dva kulturna programa ovog tjedna u Zagrebu. &nbsp;Pozivamo Vas u petak na&nbsp;zajedni\u010dki koncert&nbsp;Muzi\u010dke akademije Sveu\u010dili\u0161ta u Zagrebu i Glazbene akademije \u201eFerenc Liszt\u201c u Budimpe\u0161ti pod &hellip; <a href=\"https:\/\/hungarologija.ffzg.unizg.hr\/?p=2545\">Nastavi \u010ditati <span class=\"meta-nav\">&rarr;<\/span><\/a><\/p>\n","protected":false},"author":101013,"featured_media":0,"comment_status":"closed","ping_status":"closed","sticky":false,"template":"","format":"standard","meta":{"ngg_post_thumbnail":0,"footnotes":""},"categories":[9],"tags":[],"_links":{"self":[{"href":"https:\/\/hungarologija.ffzg.unizg.hr\/index.php?rest_route=\/wp\/v2\/posts\/2545"}],"collection":[{"href":"https:\/\/hungarologija.ffzg.unizg.hr\/index.php?rest_route=\/wp\/v2\/posts"}],"about":[{"href":"https:\/\/hungarologija.ffzg.unizg.hr\/index.php?rest_route=\/wp\/v2\/types\/post"}],"author":[{"embeddable":true,"href":"https:\/\/hungarologija.ffzg.unizg.hr\/index.php?rest_route=\/wp\/v2\/users\/101013"}],"replies":[{"embeddable":true,"href":"https:\/\/hungarologija.ffzg.unizg.hr\/index.php?rest_route=%2Fwp%2Fv2%2Fcomments&post=2545"}],"version-history":[{"count":2,"href":"https:\/\/hungarologija.ffzg.unizg.hr\/index.php?rest_route=\/wp\/v2\/posts\/2545\/revisions"}],"predecessor-version":[{"id":2547,"href":"https:\/\/hungarologija.ffzg.unizg.hr\/index.php?rest_route=\/wp\/v2\/posts\/2545\/revisions\/2547"}],"wp:attachment":[{"href":"https:\/\/hungarologija.ffzg.unizg.hr\/index.php?rest_route=%2Fwp%2Fv2%2Fmedia&parent=2545"}],"wp:term":[{"taxonomy":"category","embeddable":true,"href":"https:\/\/hungarologija.ffzg.unizg.hr\/index.php?rest_route=%2Fwp%2Fv2%2Fcategories&post=2545"},{"taxonomy":"post_tag","embeddable":true,"href":"https:\/\/hungarologija.ffzg.unizg.hr\/index.php?rest_route=%2Fwp%2Fv2%2Ftags&post=2545"}],"curies":[{"name":"wp","href":"https:\/\/api.w.org\/{rel}","templated":true}]}}