{"id":2733,"date":"2024-05-10T09:10:04","date_gmt":"2024-05-10T07:10:04","guid":{"rendered":"https:\/\/hungarologija.ffzg.unizg.hr\/?p=2733"},"modified":"2024-06-11T15:42:48","modified_gmt":"2024-06-11T13:42:48","slug":"predstavljanje-knjige-a-kelet-kozep-europai-nyelvi-terseg-prof-orsolye-nador","status":"publish","type":"post","link":"https:\/\/hungarologija.ffzg.unizg.hr\/?p=2733","title":{"rendered":"Predstavljanje knjige &#8220;A kelet-k\u00f6z\u00e9p eur\u00f3pai nyelvi t\u00e9rs\u00e9g&#8221; prof. Orsolye N\u00e1dor"},"content":{"rendered":"<p>A Liszt Int\u00e9zet \u2013 Magyar Kultur\u00e1lis K\u00f6zpont \u00e9s a Z\u00e1gr\u00e1bi Egyetem B\u00f6lcs\u00e9szettudom\u00e1nyi Kar\u00e1nak Hungarol\u00f3gia Tansz\u00e9ke szeretettel megh\u00edvja \u00d6nt<\/p>\n<p><strong>N\u00e1dor Orsolya<\/strong><\/p>\n<p><strong><em>A kelet-k\u00f6z\u00e9p-eur\u00f3pai nyelvi t\u00e9rs\u00e9g<\/em><\/strong><\/p>\n<p>(K\u00e1roli G\u00e1sp\u00e1r Reform\u00e1tus Egyetem &#8211; L,Harmattan Kiad\u00f3, 2023.)<\/p>\n<p>c\u00edm\u0171 k\u00f6tet\u00e9nek bemutat\u00f3j\u00e1ra \u00e9s a szerz\u0151vel val\u00f3 besz\u00e9lget\u00e9sre.<\/p>\n<p>(A besz\u00e9lget\u00e9st vezeti: \u017dagar Szentesi Orsolya)<\/p>\n<p>&nbsp;<\/p>\n<p>Az esem\u00e9ny id\u0151pontja \u00e9s helysz\u00edne: <strong>2024. m\u00e1jus 16. <\/strong>(cs\u00fct\u00f6rt\u00f6k) <strong>17.00 \u00f3ra<\/strong><\/p>\n<p><strong>Liszt Int\u00e9zet \u2013 Magyar Kultur\u00e1lis K\u00f6zpont <\/strong>(Z\u00e1gr\u00e1b, Augusta Cesarca 10. \u2013 Ban centar)<\/p>\n<p>A rendezv\u00e9ny a Z\u00e1gr\u00e1bi Egyetem B\u00f6lcs\u00e9szettudom\u00e1nyi Kara fenn\u00e1l\u00e1s\u00e1nak 150. \u00e9vfordul\u00f3j\u00e1t m\u00e9ltat\u00f3 jubileumi esem\u00e9nysorozat keret\u00e9ben zajlik.<\/p>\n<p>&nbsp;<\/p>\n<p>&nbsp;<\/p>\n<p>Institut Liszt \u2013 Ma\u0111arski kulturni centar i Katedra za hungarologiju<\/p>\n<p>Filozofskog fakulteta u Zagrebu srda\u010dno vas pozivaju na<\/p>\n<p>razgovor s autoricom i predstavljanje knjige<\/p>\n<p><strong>\u00a0<\/strong><strong><em>A kelet-k\u00f6z\u00e9p-eur\u00f3pai nyelvi t\u00e9rs\u00e9g<\/em><\/strong><\/p>\n<p><strong>(\u201eIsto\u010dnosrednja Europa kao jezi\u010dni prostor\u201d)<\/strong><\/p>\n<p><strong>Orsolye N\u00e1dor<\/strong><\/p>\n<p>(Reformatorsko sveu\u010dili\u0161te K\u00e1roli G\u00e1sp\u00e1r, Budimpe\u0161ta \u2013 Naklada L,Harmattan, 2023.)<\/p>\n<p>(S autoricom razgovara: Orsolya \u017dagar Szentesi)<\/p>\n<p>&nbsp;<\/p>\n<p>Vrijeme i mjesto: <strong>16. svibnja 2024. <\/strong>(\u010detvrtak) u <strong>17.00 sati<\/strong><\/p>\n<p><strong>Institut Liszt \u2013 Ma\u0111arski kulturni centar<\/strong> (Zagreb, Augusta Cesarca 10 \u2013 Ban centar)<\/p>\n<p>(ulaz s Europskog trga)<\/p>\n<p>Predstavljanje se odvija u okviru programskog niza obilje\u017eavanja 150. godi\u0161njice<\/p>\n<p>osnutka Filozofskog fakulteta u Zagrebu<\/p>\n<p>&nbsp;<\/p>\n<p><a href=\"https:\/\/hungarologija.ffzg.unizg.hr\/wp-content\/uploads\/2024\/05\/ffzg.png\"><img loading=\"lazy\" decoding=\"async\" class=\"alignnone size-medium wp-image-2734\" src=\"https:\/\/hungarologija.ffzg.unizg.hr\/wp-content\/uploads\/2024\/05\/ffzg-300x175.png\" alt=\"\" width=\"300\" height=\"175\" srcset=\"https:\/\/hungarologija.ffzg.unizg.hr\/wp-content\/uploads\/2024\/05\/ffzg-300x175.png 300w, https:\/\/hungarologija.ffzg.unizg.hr\/wp-content\/uploads\/2024\/05\/ffzg-768x449.png 768w, https:\/\/hungarologija.ffzg.unizg.hr\/wp-content\/uploads\/2024\/05\/ffzg-1024x599.png 1024w, https:\/\/hungarologija.ffzg.unizg.hr\/wp-content\/uploads\/2024\/05\/ffzg-500x292.png 500w, https:\/\/hungarologija.ffzg.unizg.hr\/wp-content\/uploads\/2024\/05\/ffzg.png 1153w\" sizes=\"(max-width: 300px) 100vw, 300px\" \/><\/a> <a href=\"https:\/\/hungarologija.ffzg.unizg.hr\/wp-content\/uploads\/2024\/05\/institut.png\"><img loading=\"lazy\" decoding=\"async\" class=\"alignnone size-medium wp-image-2735\" src=\"https:\/\/hungarologija.ffzg.unizg.hr\/wp-content\/uploads\/2024\/05\/institut-300x128.png\" alt=\"\" width=\"300\" height=\"128\" srcset=\"https:\/\/hungarologija.ffzg.unizg.hr\/wp-content\/uploads\/2024\/05\/institut-300x128.png 300w, https:\/\/hungarologija.ffzg.unizg.hr\/wp-content\/uploads\/2024\/05\/institut.png 352w\" sizes=\"(max-width: 300px) 100vw, 300px\" \/><\/a><\/p>\n","protected":false},"excerpt":{"rendered":"<p>A Liszt Int\u00e9zet \u2013 Magyar Kultur\u00e1lis K\u00f6zpont \u00e9s a Z\u00e1gr\u00e1bi Egyetem B\u00f6lcs\u00e9szettudom\u00e1nyi Kar\u00e1nak Hungarol\u00f3gia Tansz\u00e9ke szeretettel megh\u00edvja \u00d6nt N\u00e1dor Orsolya A kelet-k\u00f6z\u00e9p-eur\u00f3pai nyelvi t\u00e9rs\u00e9g (K\u00e1roli G\u00e1sp\u00e1r Reform\u00e1tus Egyetem &#8211; L,Harmattan Kiad\u00f3, 2023.) c\u00edm\u0171 k\u00f6tet\u00e9nek bemutat\u00f3j\u00e1ra \u00e9s a szerz\u0151vel val\u00f3 besz\u00e9lget\u00e9sre. &hellip; <a href=\"https:\/\/hungarologija.ffzg.unizg.hr\/?p=2733\">Nastavi \u010ditati <span class=\"meta-nav\">&rarr;<\/span><\/a><\/p>\n","protected":false},"author":101013,"featured_media":0,"comment_status":"closed","ping_status":"closed","sticky":false,"template":"","format":"standard","meta":{"ngg_post_thumbnail":0,"footnotes":""},"categories":[9],"tags":[],"_links":{"self":[{"href":"https:\/\/hungarologija.ffzg.unizg.hr\/index.php?rest_route=\/wp\/v2\/posts\/2733"}],"collection":[{"href":"https:\/\/hungarologija.ffzg.unizg.hr\/index.php?rest_route=\/wp\/v2\/posts"}],"about":[{"href":"https:\/\/hungarologija.ffzg.unizg.hr\/index.php?rest_route=\/wp\/v2\/types\/post"}],"author":[{"embeddable":true,"href":"https:\/\/hungarologija.ffzg.unizg.hr\/index.php?rest_route=\/wp\/v2\/users\/101013"}],"replies":[{"embeddable":true,"href":"https:\/\/hungarologija.ffzg.unizg.hr\/index.php?rest_route=%2Fwp%2Fv2%2Fcomments&post=2733"}],"version-history":[{"count":3,"href":"https:\/\/hungarologija.ffzg.unizg.hr\/index.php?rest_route=\/wp\/v2\/posts\/2733\/revisions"}],"predecessor-version":[{"id":2740,"href":"https:\/\/hungarologija.ffzg.unizg.hr\/index.php?rest_route=\/wp\/v2\/posts\/2733\/revisions\/2740"}],"wp:attachment":[{"href":"https:\/\/hungarologija.ffzg.unizg.hr\/index.php?rest_route=%2Fwp%2Fv2%2Fmedia&parent=2733"}],"wp:term":[{"taxonomy":"category","embeddable":true,"href":"https:\/\/hungarologija.ffzg.unizg.hr\/index.php?rest_route=%2Fwp%2Fv2%2Fcategories&post=2733"},{"taxonomy":"post_tag","embeddable":true,"href":"https:\/\/hungarologija.ffzg.unizg.hr\/index.php?rest_route=%2Fwp%2Fv2%2Ftags&post=2733"}],"curies":[{"name":"wp","href":"https:\/\/api.w.org\/{rel}","templated":true}]}}